{"id":1313,"date":"2022-07-28T18:58:06","date_gmt":"2022-07-28T16:58:06","guid":{"rendered":"https:\/\/bfs.muenchner-alumni.de\/?p=1313"},"modified":"2022-07-28T19:00:06","modified_gmt":"2022-07-28T17:00:06","slug":"berichterstattung-sueddeutsche-zeitung-27-07-2022","status":"publish","type":"post","link":"https:\/\/bfs.muenchner-alumni.de\/?p=1313","title":{"rendered":"Berichterstattung Sueddeutsche Zeitung 27.07.2022"},"content":{"rendered":"\t\t<div data-elementor-type=\"wp-post\" data-elementor-id=\"1313\" class=\"elementor elementor-1313\">\n\t\t\t\t\t\t<section class=\"elementor-section elementor-top-section elementor-element elementor-element-2495634b elementor-section-boxed elementor-section-height-default elementor-section-height-default\" data-id=\"2495634b\" data-element_type=\"section\" data-e-type=\"section\">\n\t\t\t\t\t\t<div class=\"elementor-container elementor-column-gap-default\">\n\t\t\t\t\t<div class=\"elementor-column elementor-col-100 elementor-top-column elementor-element elementor-element-1bf8ec49\" data-id=\"1bf8ec49\" data-element_type=\"column\" data-e-type=\"column\">\n\t\t\t<div class=\"elementor-widget-wrap elementor-element-populated\">\n\t\t\t\t\t\t<div class=\"elementor-element elementor-element-2a20080b elementor-widget elementor-widget-text-editor\" data-id=\"2a20080b\" data-element_type=\"widget\" data-e-type=\"widget\" data-widget_type=\"text-editor.default\">\n\t\t\t\t<div class=\"elementor-widget-container\">\n\t\t\t\t\t\t\t\t\t<p><\/p>\n<p><a href=\"https:\/\/www.sueddeutsche.de\/muenchen\/starnberg\/starnberg-baeume-verschenkaktion-gartenbesitzer-1.5628274\">https:\/\/www.sueddeutsche.de\/muenchen\/starnberg\/starnberg-baeume-verschenkaktion-gartenbesitzer-1.5628274<\/a><\/p>\n<p><\/p>\t\t\t\t\t\t\t\t<\/div>\n\t\t\t\t<\/div>\n\t\t\t\t\t<\/div>\n\t\t<\/div>\n\t\t\t\t\t<\/div>\n\t\t<\/section>\n\t\t\t\t<\/div>\n\t\t","protected":false},"excerpt":{"rendered":"<p>https:\/\/www.sueddeutsche.de\/muenchen\/starnberg\/starnberg-baeume-verschenkaktion-gartenbesitzer-1.5628274<\/p>\n","protected":false},"author":1,"featured_media":0,"comment_status":"open","ping_status":"open","sticky":false,"template":"","format":"standard","meta":{"footnotes":""},"categories":[1],"tags":[],"class_list":["post-1313","post","type-post","status-publish","format-standard","hentry","category-uncategorized"],"yoast_head":"<!-- This site is optimized with the Yoast SEO plugin v27.5 - https:\/\/yoast.com\/product\/yoast-seo-wordpress\/ -->\n<title>Berichterstattung Sueddeutsche Zeitung 27.07.2022 - B\u00e4ume f\u00fcr Starnberg<\/title>\n<meta name=\"description\" content=\"Im Herbst 2022 werden wir 100 Pflanzen f\u00fcr mittel- und gro\u00dfkronige Laubb\u00e4ume bereitstellen, die interessierte B\u00fcrger aus Starnberg und der n\u00e4heren Umgebung kostenlos abholen und auf ihren Grundst\u00fccken pflanzen k\u00f6nnen.\" \/>\n<meta name=\"robots\" content=\"index, follow, max-snippet:-1, max-image-preview:large, max-video-preview:-1\" \/>\n<link rel=\"canonical\" href=\"https:\/\/bfs.muenchner-alumni.de\/?p=1313\" \/>\n<meta property=\"og:locale\" content=\"de_DE\" \/>\n<meta property=\"og:type\" content=\"article\" \/>\n<meta property=\"og:title\" content=\"Berichterstattung Sueddeutsche Zeitung 27.07.2022 - B\u00e4ume f\u00fcr Starnberg\" \/>\n<meta property=\"og:description\" content=\"Im Herbst 2022 werden wir 100 Pflanzen f\u00fcr mittel- und gro\u00dfkronige Laubb\u00e4ume bereitstellen, die interessierte B\u00fcrger aus Starnberg und der n\u00e4heren Umgebung kostenlos abholen und auf ihren Grundst\u00fccken pflanzen k\u00f6nnen.\" \/>\n<meta property=\"og:url\" content=\"https:\/\/bfs.muenchner-alumni.de\/?p=1313\" \/>\n<meta property=\"og:site_name\" content=\"B\u00e4ume f\u00fcr Starnberg\" \/>\n<meta property=\"article:published_time\" content=\"2022-07-28T16:58:06+00:00\" \/>\n<meta property=\"article:modified_time\" content=\"2022-07-28T17:00:06+00:00\" \/>\n<meta property=\"og:image\" content=\"https:\/\/bfs.muenchner-alumni.de\/wp-content\/uploads\/2022\/02\/oak-3762946-scaled.jpg\" \/>\n\t<meta property=\"og:image:width\" content=\"2560\" \/>\n\t<meta property=\"og:image:height\" content=\"1707\" \/>\n\t<meta property=\"og:image:type\" content=\"image\/jpeg\" \/>\n<meta name=\"author\" content=\"admin\" \/>\n<meta name=\"twitter:card\" content=\"summary_large_image\" \/>\n<meta name=\"twitter:label1\" content=\"Verfasst von\" \/>\n\t<meta name=\"twitter:data1\" content=\"admin\" \/>\n<script type=\"application\/ld+json\" class=\"yoast-schema-graph\">{\"@context\":\"https:\\\/\\\/schema.org\",\"@graph\":[{\"@type\":\"Article\",\"@id\":\"https:\\\/\\\/bfs.muenchner-alumni.de\\\/?p=1313#article\",\"isPartOf\":{\"@id\":\"https:\\\/\\\/bfs.muenchner-alumni.de\\\/?p=1313\"},\"author\":{\"name\":\"admin\",\"@id\":\"https:\\\/\\\/bfs.muenchner-alumni.de\\\/#\\\/schema\\\/person\\\/2637a29d85f971e26d3bfa031408441d\"},\"headline\":\"Berichterstattung Sueddeutsche Zeitung 27.07.2022\",\"datePublished\":\"2022-07-28T16:58:06+00:00\",\"dateModified\":\"2022-07-28T17:00:06+00:00\",\"mainEntityOfPage\":{\"@id\":\"https:\\\/\\\/bfs.muenchner-alumni.de\\\/?p=1313\"},\"wordCount\":10,\"commentCount\":0,\"publisher\":{\"@id\":\"https:\\\/\\\/bfs.muenchner-alumni.de\\\/#organization\"},\"articleSection\":[\"Uncategorized\"],\"inLanguage\":\"de\",\"potentialAction\":[{\"@type\":\"CommentAction\",\"name\":\"Comment\",\"target\":[\"https:\\\/\\\/bfs.muenchner-alumni.de\\\/?p=1313#respond\"]}]},{\"@type\":\"WebPage\",\"@id\":\"https:\\\/\\\/bfs.muenchner-alumni.de\\\/?p=1313\",\"url\":\"https:\\\/\\\/bfs.muenchner-alumni.de\\\/?p=1313\",\"name\":\"Berichterstattung Sueddeutsche Zeitung 27.07.2022 - B\u00e4ume f\u00fcr Starnberg\",\"isPartOf\":{\"@id\":\"https:\\\/\\\/bfs.muenchner-alumni.de\\\/#website\"},\"datePublished\":\"2022-07-28T16:58:06+00:00\",\"dateModified\":\"2022-07-28T17:00:06+00:00\",\"description\":\"Im Herbst 2022 werden wir 100 Pflanzen f\u00fcr mittel- und gro\u00dfkronige Laubb\u00e4ume bereitstellen, die interessierte B\u00fcrger aus Starnberg und der n\u00e4heren Umgebung kostenlos abholen und auf ihren Grundst\u00fccken pflanzen k\u00f6nnen.\",\"breadcrumb\":{\"@id\":\"https:\\\/\\\/bfs.muenchner-alumni.de\\\/?p=1313#breadcrumb\"},\"inLanguage\":\"de\",\"potentialAction\":[{\"@type\":\"ReadAction\",\"target\":[\"https:\\\/\\\/bfs.muenchner-alumni.de\\\/?p=1313\"]}]},{\"@type\":\"BreadcrumbList\",\"@id\":\"https:\\\/\\\/bfs.muenchner-alumni.de\\\/?p=1313#breadcrumb\",\"itemListElement\":[{\"@type\":\"ListItem\",\"position\":1,\"name\":\"Startseite\",\"item\":\"https:\\\/\\\/bfs.muenchner-alumni.de\\\/\"},{\"@type\":\"ListItem\",\"position\":2,\"name\":\"Berichterstattung Sueddeutsche Zeitung 27.07.2022\"}]},{\"@type\":\"WebSite\",\"@id\":\"https:\\\/\\\/bfs.muenchner-alumni.de\\\/#website\",\"url\":\"https:\\\/\\\/bfs.muenchner-alumni.de\\\/\",\"name\":\"B\u00e4ume f\u00fcr Starnberg\",\"description\":\"\",\"publisher\":{\"@id\":\"https:\\\/\\\/bfs.muenchner-alumni.de\\\/#organization\"},\"potentialAction\":[{\"@type\":\"SearchAction\",\"target\":{\"@type\":\"EntryPoint\",\"urlTemplate\":\"https:\\\/\\\/bfs.muenchner-alumni.de\\\/?s={search_term_string}\"},\"query-input\":{\"@type\":\"PropertyValueSpecification\",\"valueRequired\":true,\"valueName\":\"search_term_string\"}}],\"inLanguage\":\"de\"},{\"@type\":\"Organization\",\"@id\":\"https:\\\/\\\/bfs.muenchner-alumni.de\\\/#organization\",\"name\":\"B\u00e4ume f\u00fcr Starnberg\",\"url\":\"https:\\\/\\\/bfs.muenchner-alumni.de\\\/\",\"logo\":{\"@type\":\"ImageObject\",\"inLanguage\":\"de\",\"@id\":\"https:\\\/\\\/bfs.muenchner-alumni.de\\\/#\\\/schema\\\/logo\\\/image\\\/\",\"url\":\"https:\\\/\\\/bfs.muenchner-alumni.de\\\/wp-content\\\/uploads\\\/2022\\\/02\\\/Tree02.png\",\"contentUrl\":\"https:\\\/\\\/bfs.muenchner-alumni.de\\\/wp-content\\\/uploads\\\/2022\\\/02\\\/Tree02.png\",\"width\":1537,\"height\":1920,\"caption\":\"B\u00e4ume f\u00fcr Starnberg\"},\"image\":{\"@id\":\"https:\\\/\\\/bfs.muenchner-alumni.de\\\/#\\\/schema\\\/logo\\\/image\\\/\"}},{\"@type\":\"Person\",\"@id\":\"https:\\\/\\\/bfs.muenchner-alumni.de\\\/#\\\/schema\\\/person\\\/2637a29d85f971e26d3bfa031408441d\",\"name\":\"admin\",\"image\":{\"@type\":\"ImageObject\",\"inLanguage\":\"de\",\"@id\":\"https:\\\/\\\/secure.gravatar.com\\\/avatar\\\/5f442331af677ec9a02cb4930ae1c486509c78f1742bb78bc9d370a6dd5be847?s=96&d=mm&r=g\",\"url\":\"https:\\\/\\\/secure.gravatar.com\\\/avatar\\\/5f442331af677ec9a02cb4930ae1c486509c78f1742bb78bc9d370a6dd5be847?s=96&d=mm&r=g\",\"contentUrl\":\"https:\\\/\\\/secure.gravatar.com\\\/avatar\\\/5f442331af677ec9a02cb4930ae1c486509c78f1742bb78bc9d370a6dd5be847?s=96&d=mm&r=g\",\"caption\":\"admin\"},\"sameAs\":[\"https:\\\/\\\/bfs.muenchner-alumni.de\"],\"url\":\"https:\\\/\\\/bfs.muenchner-alumni.de\\\/?author=1\"}]}<\/script>\n<!-- \/ Yoast SEO plugin. -->","yoast_head_json":{"title":"Berichterstattung Sueddeutsche Zeitung 27.07.2022 - B\u00e4ume f\u00fcr Starnberg","description":"Im Herbst 2022 werden wir 100 Pflanzen f\u00fcr mittel- und gro\u00dfkronige Laubb\u00e4ume bereitstellen, die interessierte B\u00fcrger aus Starnberg und der n\u00e4heren Umgebung kostenlos abholen und auf ihren Grundst\u00fccken pflanzen k\u00f6nnen.","robots":{"index":"index","follow":"follow","max-snippet":"max-snippet:-1","max-image-preview":"max-image-preview:large","max-video-preview":"max-video-preview:-1"},"canonical":"https:\/\/bfs.muenchner-alumni.de\/?p=1313","og_locale":"de_DE","og_type":"article","og_title":"Berichterstattung Sueddeutsche Zeitung 27.07.2022 - B\u00e4ume f\u00fcr Starnberg","og_description":"Im Herbst 2022 werden wir 100 Pflanzen f\u00fcr mittel- und gro\u00dfkronige Laubb\u00e4ume bereitstellen, die interessierte B\u00fcrger aus Starnberg und der n\u00e4heren Umgebung kostenlos abholen und auf ihren Grundst\u00fccken pflanzen k\u00f6nnen.","og_url":"https:\/\/bfs.muenchner-alumni.de\/?p=1313","og_site_name":"B\u00e4ume f\u00fcr Starnberg","article_published_time":"2022-07-28T16:58:06+00:00","article_modified_time":"2022-07-28T17:00:06+00:00","og_image":[{"width":2560,"height":1707,"url":"https:\/\/bfs.muenchner-alumni.de\/wp-content\/uploads\/2022\/02\/oak-3762946-scaled.jpg","type":"image\/jpeg"}],"author":"admin","twitter_card":"summary_large_image","twitter_misc":{"Verfasst von":"admin"},"schema":{"@context":"https:\/\/schema.org","@graph":[{"@type":"Article","@id":"https:\/\/bfs.muenchner-alumni.de\/?p=1313#article","isPartOf":{"@id":"https:\/\/bfs.muenchner-alumni.de\/?p=1313"},"author":{"name":"admin","@id":"https:\/\/bfs.muenchner-alumni.de\/#\/schema\/person\/2637a29d85f971e26d3bfa031408441d"},"headline":"Berichterstattung Sueddeutsche Zeitung 27.07.2022","datePublished":"2022-07-28T16:58:06+00:00","dateModified":"2022-07-28T17:00:06+00:00","mainEntityOfPage":{"@id":"https:\/\/bfs.muenchner-alumni.de\/?p=1313"},"wordCount":10,"commentCount":0,"publisher":{"@id":"https:\/\/bfs.muenchner-alumni.de\/#organization"},"articleSection":["Uncategorized"],"inLanguage":"de","potentialAction":[{"@type":"CommentAction","name":"Comment","target":["https:\/\/bfs.muenchner-alumni.de\/?p=1313#respond"]}]},{"@type":"WebPage","@id":"https:\/\/bfs.muenchner-alumni.de\/?p=1313","url":"https:\/\/bfs.muenchner-alumni.de\/?p=1313","name":"Berichterstattung Sueddeutsche Zeitung 27.07.2022 - B\u00e4ume f\u00fcr Starnberg","isPartOf":{"@id":"https:\/\/bfs.muenchner-alumni.de\/#website"},"datePublished":"2022-07-28T16:58:06+00:00","dateModified":"2022-07-28T17:00:06+00:00","description":"Im Herbst 2022 werden wir 100 Pflanzen f\u00fcr mittel- und gro\u00dfkronige Laubb\u00e4ume bereitstellen, die interessierte B\u00fcrger aus Starnberg und der n\u00e4heren Umgebung kostenlos abholen und auf ihren Grundst\u00fccken pflanzen k\u00f6nnen.","breadcrumb":{"@id":"https:\/\/bfs.muenchner-alumni.de\/?p=1313#breadcrumb"},"inLanguage":"de","potentialAction":[{"@type":"ReadAction","target":["https:\/\/bfs.muenchner-alumni.de\/?p=1313"]}]},{"@type":"BreadcrumbList","@id":"https:\/\/bfs.muenchner-alumni.de\/?p=1313#breadcrumb","itemListElement":[{"@type":"ListItem","position":1,"name":"Startseite","item":"https:\/\/bfs.muenchner-alumni.de\/"},{"@type":"ListItem","position":2,"name":"Berichterstattung Sueddeutsche Zeitung 27.07.2022"}]},{"@type":"WebSite","@id":"https:\/\/bfs.muenchner-alumni.de\/#website","url":"https:\/\/bfs.muenchner-alumni.de\/","name":"B\u00e4ume f\u00fcr Starnberg","description":"","publisher":{"@id":"https:\/\/bfs.muenchner-alumni.de\/#organization"},"potentialAction":[{"@type":"SearchAction","target":{"@type":"EntryPoint","urlTemplate":"https:\/\/bfs.muenchner-alumni.de\/?s={search_term_string}"},"query-input":{"@type":"PropertyValueSpecification","valueRequired":true,"valueName":"search_term_string"}}],"inLanguage":"de"},{"@type":"Organization","@id":"https:\/\/bfs.muenchner-alumni.de\/#organization","name":"B\u00e4ume f\u00fcr Starnberg","url":"https:\/\/bfs.muenchner-alumni.de\/","logo":{"@type":"ImageObject","inLanguage":"de","@id":"https:\/\/bfs.muenchner-alumni.de\/#\/schema\/logo\/image\/","url":"https:\/\/bfs.muenchner-alumni.de\/wp-content\/uploads\/2022\/02\/Tree02.png","contentUrl":"https:\/\/bfs.muenchner-alumni.de\/wp-content\/uploads\/2022\/02\/Tree02.png","width":1537,"height":1920,"caption":"B\u00e4ume f\u00fcr Starnberg"},"image":{"@id":"https:\/\/bfs.muenchner-alumni.de\/#\/schema\/logo\/image\/"}},{"@type":"Person","@id":"https:\/\/bfs.muenchner-alumni.de\/#\/schema\/person\/2637a29d85f971e26d3bfa031408441d","name":"admin","image":{"@type":"ImageObject","inLanguage":"de","@id":"https:\/\/secure.gravatar.com\/avatar\/5f442331af677ec9a02cb4930ae1c486509c78f1742bb78bc9d370a6dd5be847?s=96&d=mm&r=g","url":"https:\/\/secure.gravatar.com\/avatar\/5f442331af677ec9a02cb4930ae1c486509c78f1742bb78bc9d370a6dd5be847?s=96&d=mm&r=g","contentUrl":"https:\/\/secure.gravatar.com\/avatar\/5f442331af677ec9a02cb4930ae1c486509c78f1742bb78bc9d370a6dd5be847?s=96&d=mm&r=g","caption":"admin"},"sameAs":["https:\/\/bfs.muenchner-alumni.de"],"url":"https:\/\/bfs.muenchner-alumni.de\/?author=1"}]}},"_links":{"self":[{"href":"https:\/\/bfs.muenchner-alumni.de\/index.php?rest_route=\/wp\/v2\/posts\/1313","targetHints":{"allow":["GET"]}}],"collection":[{"href":"https:\/\/bfs.muenchner-alumni.de\/index.php?rest_route=\/wp\/v2\/posts"}],"about":[{"href":"https:\/\/bfs.muenchner-alumni.de\/index.php?rest_route=\/wp\/v2\/types\/post"}],"author":[{"embeddable":true,"href":"https:\/\/bfs.muenchner-alumni.de\/index.php?rest_route=\/wp\/v2\/users\/1"}],"replies":[{"embeddable":true,"href":"https:\/\/bfs.muenchner-alumni.de\/index.php?rest_route=%2Fwp%2Fv2%2Fcomments&post=1313"}],"version-history":[{"count":9,"href":"https:\/\/bfs.muenchner-alumni.de\/index.php?rest_route=\/wp\/v2\/posts\/1313\/revisions"}],"predecessor-version":[{"id":1322,"href":"https:\/\/bfs.muenchner-alumni.de\/index.php?rest_route=\/wp\/v2\/posts\/1313\/revisions\/1322"}],"wp:attachment":[{"href":"https:\/\/bfs.muenchner-alumni.de\/index.php?rest_route=%2Fwp%2Fv2%2Fmedia&parent=1313"}],"wp:term":[{"taxonomy":"category","embeddable":true,"href":"https:\/\/bfs.muenchner-alumni.de\/index.php?rest_route=%2Fwp%2Fv2%2Fcategories&post=1313"},{"taxonomy":"post_tag","embeddable":true,"href":"https:\/\/bfs.muenchner-alumni.de\/index.php?rest_route=%2Fwp%2Fv2%2Ftags&post=1313"}],"curies":[{"name":"wp","href":"https:\/\/api.w.org\/{rel}","templated":true}]}}